{"id":6436,"date":"2020-07-30T09:50:48","date_gmt":"2020-07-30T13:50:48","guid":{"rendered":"https:\/\/spefct.org\/?p=6436"},"modified":"2021-06-22T15:41:09","modified_gmt":"2021-06-22T19:41:09","slug":"stamford-public-education-foundation-announces-its-executive-committee-for-fiscal-year-2021","status":"publish","type":"post","link":"https:\/\/spefct.org\/es\/stamford-public-education-foundation-announces-its-executive-committee-for-fiscal-year-2021\/","title":{"rendered":"La Fundaci\u00f3n de Educaci\u00f3n P\u00fablica de Stamford anuncia su comit\u00e9 ejecutivo para el a\u00f1o fiscal 2021"},"content":{"rendered":"<strong><a class=\"dt-pswp-item\" href=\"http:\/\/spefct.org\/wp-content\/uploads\/2020\/07\/BarbAronica.jpg\" data-dt-img-description=\"\" data-large_image_width=\"2048\" data-large_image_height=\"1638\"><img loading=\"lazy\" decoding=\"async\" class=\"alignnone  wp-image-6438\" src=\"http:\/\/spefct.org\/wp-content\/uploads\/2020\/07\/BarbAronica.jpg\" alt=\"\" width=\"201\" height=\"161\" srcset=\"https:\/\/spefct.org\/wp-content\/uploads\/2020\/07\/BarbAronica.jpg 2048w, https:\/\/spefct.org\/wp-content\/uploads\/2020\/07\/BarbAronica-300x240.jpg 300w, https:\/\/spefct.org\/wp-content\/uploads\/2020\/07\/BarbAronica-1024x819.jpg 1024w, https:\/\/spefct.org\/wp-content\/uploads\/2020\/07\/BarbAronica-768x614.jpg 768w, https:\/\/spefct.org\/wp-content\/uploads\/2020\/07\/BarbAronica-1536x1229.jpg 1536w\" sizes=\"auto, (max-width: 201px) 100vw, 201px\" \/><\/a><\/strong>\r\n\r\n<strong>STAMFORD, CT \u2014 30 DE JULIO DE 2020 \u2014<\/strong> La Fundaci\u00f3n de Educaci\u00f3n P\u00fablica de Stamford (SPEF) se complace en presentar el Comit\u00e9 Ejecutivo de su Junta Directiva para el a\u00f1o fiscal 2021:\u00a0 <strong>B\u00e1rbara Aronica-Buck, Presidenta; Michael Zanga, Vicepresidente; Kat Hanley, Secretaria; Bryan Bishop, Tesorero. <\/strong>Durante el per\u00edodo del 1 de julio de 2020 al 30 de junio de 2021, estos dedicados voluntarios ayudar\u00e1n a dirigir la organizaci\u00f3n en su misi\u00f3n de ofrecer programas y recursos educativos que eleven el \u00e9xito de los estudiantes, educadores y padres al cerrar la brecha entre las necesidades en el Escuelas P\u00fablicas de Stamford y recursos en nuestra comunidad. Los miembros del Comit\u00e9 Ejecutivo de este a\u00f1o han sido seleccionados por sus diversos conjuntos de habilidades, experiencia de liderazgo, pasi\u00f3n por la educaci\u00f3n p\u00fablica y deseo de apoyar a los estudiantes y familias ricamente diversos en la comunidad de Stamford. El Comit\u00e9 Ejecutivo de SPEF supervisa las operaciones de la Junta Directiva y establece la agenda para las reuniones mensuales de la junta de SPEF. Cada uno jugar\u00e1 un papel importante en el proceso de toma de decisiones con respecto a la programaci\u00f3n para el pr\u00f3ximo a\u00f1o acad\u00e9mico 2020-21.\r\n\r\n<strong>\u00a0\u00a0\u00a0\u00a0\u00a0\u00a0\u00a0 <\/strong>\r\n\r\n<strong>B\u00e1rbara Aronica-Buck, Presidenta <\/strong>\r\n\r\nBarb contin\u00faa su papel en el Comit\u00e9 Ejecutivo como presidenta, habiendo servido en esta capacidad durante los \u00faltimos 5 a\u00f1os. Ella ha estado en la Junta de SPEF durante 15 a\u00f1os, y ha visto c\u00f3mo se concretaban muchos programas vitales y eventos exitosos. Barb es la dise\u00f1adora de comunicaciones de la Biblioteca Ferguson y ha dirigido su propio negocio de dise\u00f1o de libros durante 30 a\u00f1os. Ha sido defensora y l\u00edder de varias organizaciones sin fines de lucro locales y est\u00e1 encantada de ver a SPEF colaborando con tantos socios maravillosos. Ella, sus dos hijos, su difunta madre y su abuelo son orgullosos graduados de las Escuelas P\u00fablicas de Stamford.\r\n\r\n&nbsp;\r\n\r\n<strong>\u00a0<\/strong><strong>Michael Zanga, vicepresidente<\/strong>\r\n\r\nMichael se ha ofrecido como voluntario en SPEF durante m\u00e1s de seis a\u00f1os en una variedad de capacidades y ahora se unir\u00e1 a su Comit\u00e9 Ejecutivo como vicepresidente. Actualmente trabaja para IBM como Ejecutivo en la divisi\u00f3n de Servicios. Antes de IBM, tuvo una larga carrera en el Royal Bank of Scotland como Director de Informaci\u00f3n y CAO de las Am\u00e9ricas. Tambi\u00e9n trabaj\u00f3 recientemente en Deutsche Bank como director global de inform\u00e1tica. Tiene dos ni\u00f1as en edad de escuela secundaria; uno se graduar\u00e1 de la Escuela P\u00fablica de Stamford el pr\u00f3ximo a\u00f1o. Ha visto de primera mano los beneficios de la educaci\u00f3n p\u00fablica.\r\n\r\n<strong>\u00a0<\/strong>\r\n\r\n<strong>Kat Hanley, secretaria <\/strong>\r\n\r\nDespu\u00e9s de servir tres a\u00f1os en la Junta Directiva de SPEF, Kat se unir\u00e1 a su Junta Ejecutiva como Secretaria. Kat es directora y jefa de comunicaciones y marketing de EE. UU. para NatWest Markets. A partir de octubre, sus responsabilidades tambi\u00e9n incluir\u00e1n liderar las agendas de Aprendizaje y Desarrollo y Diversidad e Inclusi\u00f3n para el negocio de EE. UU. Kat creci\u00f3 en el condado de Westchester, donde asisti\u00f3 a escuelas p\u00fablicas y ahora vive en Greenwich con su esposo y sus dos hijas, de 8 y 4 a\u00f1os. Antes de mudarse a CT, Kat vivi\u00f3 en Londres, Inglaterra, durante 10 a\u00f1os trabajando para KPMG.\r\n\r\n<strong>\u00a0<\/strong>\r\n\r\n<strong>Bryan Bishop, Tesorero<\/strong>\r\n\r\nBryan ha sido miembro de la Junta Directiva de SPEF desde noviembre de 2018, sirviendo en el Comit\u00e9 de Finanzas. Ahora se une al Comit\u00e9 Ejecutivo, en el papel de Tesorero. Antes de mudarse al \u00e1rea de Stamford en 2016, Bryan pas\u00f3 dos a\u00f1os y medio en Londres, Inglaterra, en una asignaci\u00f3n internacional. Tambi\u00e9n ha vivido en Charlotte, NC, Cleveland, OH y Pittsburgh, PA. Est\u00e1 casado y tiene dos hijos gemelos de ocho a\u00f1os. Bryan es socio fiscal de PricewaterhouseCoopers (&quot;PwC&quot;). Bryan es un producto del sistema de escuelas p\u00fablicas y un gran defensor de la importancia de las escuelas p\u00fablicas para un entorno comunitario s\u00f3lido. Est\u00e1 encantado de ser parte de la Junta de SPEF y se siente honrado de ser miembro del Comit\u00e9 Ejecutivo.\r\n\r\n&nbsp;\r\n\r\n<strong>Acerca de SPEF:<\/strong> \u00a0Fundada en 1996, la misi\u00f3n de la Fundaci\u00f3n para la Educaci\u00f3n P\u00fablica de Stamford (SPEF) es ofrecer programas y recursos educativos que eleven el \u00e9xito de los estudiantes, educadores y padres al cerrar la brecha entre las necesidades de las Escuelas P\u00fablicas de Stamford y los recursos de nuestra comunidad. A trav\u00e9s de su trabajo, la agencia sin fines de lucro se esfuerza por que todos y cada uno de los estudiantes de las Escuelas P\u00fablicas de Stamford se grad\u00faen de la escuela secundaria preparados e inspirados para ser un miembro productivo de la sociedad. Para m\u00e1s informaci\u00f3n, visite <a href=\"https:\/\/spefct.org\/es\/\">www.spefct.org<\/a>.\r\n\r\n&nbsp;\r\n\r\n&nbsp;\r\n\r\n&nbsp;","protected":false},"excerpt":{"rendered":"<p>STAMFORD, CT \u2014 30 DE JULIO DE 2020 \u2014 La Fundaci\u00f3n de Educaci\u00f3n P\u00fablica de Stamford (SPEF) se complace en presentar el Comit\u00e9 Ejecutivo de su Junta Directiva para el a\u00f1o fiscal 2021: Barbara Aronica-Buck, presidenta; Michael Zanga, vicepresidente; Kat Hanley, Secretaria; Bryan Bishop, Tesorero. Durante el per\u00edodo del 1 de julio de 2020 al 30 de junio de 2021, estos dedicados voluntarios\u2026<\/p>","protected":false},"author":50,"featured_media":0,"comment_status":"closed","ping_status":"closed","sticky":false,"template":"","format":"standard","meta":{"om_disable_all_campaigns":false,"_monsterinsights_skip_tracking":false,"_monsterinsights_sitenote_active":false,"_monsterinsights_sitenote_note":"","_monsterinsights_sitenote_category":0,"footnotes":""},"categories":[42,22,21,23,20,1],"tags":[],"class_list":["post-6436","post","type-post","status-publish","format-standard","hentry","category-college-internship-program","category-media-coverage","category-news-releases","category-newsletter","category-newsroom","category-uncategorized","category-42","category-22","category-21","category-23","category-20","category-1","description-off"],"aioseo_notices":[],"_links":{"self":[{"href":"https:\/\/spefct.org\/es\/wp-json\/wp\/v2\/posts\/6436","targetHints":{"allow":["GET"]}}],"collection":[{"href":"https:\/\/spefct.org\/es\/wp-json\/wp\/v2\/posts"}],"about":[{"href":"https:\/\/spefct.org\/es\/wp-json\/wp\/v2\/types\/post"}],"author":[{"embeddable":true,"href":"https:\/\/spefct.org\/es\/wp-json\/wp\/v2\/users\/50"}],"replies":[{"embeddable":true,"href":"https:\/\/spefct.org\/es\/wp-json\/wp\/v2\/comments?post=6436"}],"version-history":[{"count":2,"href":"https:\/\/spefct.org\/es\/wp-json\/wp\/v2\/posts\/6436\/revisions"}],"predecessor-version":[{"id":6439,"href":"https:\/\/spefct.org\/es\/wp-json\/wp\/v2\/posts\/6436\/revisions\/6439"}],"wp:attachment":[{"href":"https:\/\/spefct.org\/es\/wp-json\/wp\/v2\/media?parent=6436"}],"wp:term":[{"taxonomy":"category","embeddable":true,"href":"https:\/\/spefct.org\/es\/wp-json\/wp\/v2\/categories?post=6436"},{"taxonomy":"post_tag","embeddable":true,"href":"https:\/\/spefct.org\/es\/wp-json\/wp\/v2\/tags?post=6436"}],"curies":[{"name":"gracias","href":"https:\/\/api.w.org\/{rel}","templated":true}]}}