{"id":6330,"date":"2020-06-26T11:06:55","date_gmt":"2020-06-26T15:06:55","guid":{"rendered":"https:\/\/spefct.org\/?p=6330"},"modified":"2020-12-23T12:52:30","modified_gmt":"2020-12-23T17:52:30","slug":"parents-and-community-leaders-graduate-from-leadership-program-virtually","status":"publish","type":"post","link":"https:\/\/spefct.org\/es\/parents-and-community-leaders-graduate-from-leadership-program-virtually\/","title":{"rendered":"Padres y l\u00edderes comunitarios se grad\u00faan del programa de liderazgo de manera virtual"},"content":{"rendered":"<strong><a class=\"dt-pswp-item\" href=\"http:\/\/spefct.org\/wp-content\/uploads\/2020\/06\/PLTI-virtual-graduation-2020.png\" data-dt-img-description=\"\" data-large_image_width=\"1366\" data-large_image_height=\"768\"><img loading=\"lazy\" decoding=\"async\" class=\"alignnone  wp-image-6331\" src=\"http:\/\/spefct.org\/wp-content\/uploads\/2020\/06\/PLTI-virtual-graduation-2020-300x169.png\" alt=\"\" width=\"328\" height=\"185\" srcset=\"https:\/\/spefct.org\/wp-content\/uploads\/2020\/06\/PLTI-virtual-graduation-2020-300x169.png 300w, https:\/\/spefct.org\/wp-content\/uploads\/2020\/06\/PLTI-virtual-graduation-2020-1024x576.png 1024w, https:\/\/spefct.org\/wp-content\/uploads\/2020\/06\/PLTI-virtual-graduation-2020-768x432.png 768w, https:\/\/spefct.org\/wp-content\/uploads\/2020\/06\/PLTI-virtual-graduation-2020.png 1366w\" sizes=\"auto, (max-width: 328px) 100vw, 328px\" \/><\/a><\/strong>\r\n\r\n<strong>STAMFORD, CT<\/strong> \u2014 <strong>26 de junio<sup>el<\/sup>, 2020 <\/strong>\u2014La Fundaci\u00f3n de Educaci\u00f3n P\u00fablica de Stamford (SPEF) se complace en anunciar la clase de graduados de 2020 del Instituto de Capacitaci\u00f3n en Liderazgo para Padres (PLTI). Este grupo de padres l\u00edderes super\u00f3 muchos desaf\u00edos a lo largo de sus estudios, incluido el cambio al aprendizaje a distancia debido al COVID-19 pandemia. Los graduados celebraron su \u00e9xito en una graduaci\u00f3n virtual que tuvo lugar en Zoom. El Instituto de Capacitaci\u00f3n en Liderazgo para Padres es un programa gratuito para que los miembros de la comunidad comprometidos se conviertan en defensores de los ni\u00f1os. A trav\u00e9s de PLTI, los participantes del programa aprenden habilidades de comunicaci\u00f3n, oratoria y defensa de los medios; comprender los presupuestos gubernamentales, las pol\u00edticas y las leyes que afectan a los ni\u00f1os; aprender a trabajar en los sistemas pol\u00edticos. Los participantes del programa pasaron por un proceso de solicitud selectivo, seguido de un riguroso programa de 22 semanas que se describe a continuaci\u00f3n:\r\n\r\n&nbsp;\r\n<ul>\r\n \t<li>Un s\u00e1bado de retiro de construcci\u00f3n comunitaria<\/li>\r\n \t<li>10 semanas de curso instructivo sobre la comunidad, el desarrollo personal y el liderazgo de los padres<\/li>\r\n \t<li>Curso de educaci\u00f3n c\u00edvica de 10 semanas sobre pol\u00edtica, pol\u00edtica y medios<\/li>\r\n \t<li>Un proyecto comunitario final acumulativo<\/li>\r\n<\/ul>\r\n&nbsp;\r\n\r\nEl alcalde David Martin honr\u00f3 a los graduados con buenos deseos en la ceremonia virtual, junto con los representantes estatales del distrito Matt Blumenthal, Alex Kasser, Carlo Leone y Caroline Simmons, comentarios del superintendente de las Escuelas P\u00fablicas de Stamford, Dr. Tamu Lucero, y muchos otros oradores invitados de SPS personal y simpatizantes. El equipo de dise\u00f1o del programa PLTI espera honrar a los graduados con una graduaci\u00f3n en persona m\u00e1s adelante, una vez que se eliminen las limitaciones de distanciamiento social. \u201cEs un logro poder completar este curso, especialmente durante estos tiempos sin precedentes y sin estar juntos en persona\u201d, dijo el director ejecutivo de SPEF, Matthew Quinones. \u201cEstos padres l\u00edderes han equilibrado los desaf\u00edos de las circunstancias de la vida individual durante esta pandemia y tambi\u00e9n se han mantenido comprometidos con este programa de capacitaci\u00f3n muy importante. Como comunidad que enfrenta desaf\u00edos significativos, las voces de los padres l\u00edderes desempe\u00f1ar\u00e1n un papel importante en la forma en que avanzamos\u201d.\r\n\r\n&nbsp;\r\n<table width=\"0\">\r\n<tbody>\r\n<tr>\r\n<td width=\"320\"><strong><u>Padre l\u00edder<\/u><\/strong><\/td>\r\n<td width=\"421\"><strong><u>T\u00edtulo del Proyecto<\/u><\/strong><\/td>\r\n<\/tr>\r\n<tr>\r\n<td width=\"320\"><strong>josefa arias<\/strong><\/td>\r\n<td width=\"421\">S\u00f3lo s\u00e9 t\u00fa - Una serie<\/td>\r\n<\/tr>\r\n<tr>\r\n<td width=\"320\"><strong>Shweta Ameya Shinde<\/strong><\/td>\r\n<td width=\"421\">Terapia Social y Emocional a trav\u00e9s de Social Stories en las escuelas<\/td>\r\n<\/tr>\r\n<tr>\r\n<td width=\"320\"><strong>bianca shinn<\/strong><\/td>\r\n<td width=\"421\">Arqueando a la oportunidad<\/td>\r\n<\/tr>\r\n<tr>\r\n<td width=\"320\"><strong>Danielle Quilligan<\/strong><\/td>\r\n<td width=\"421\">An\u00e1lisis familiar<\/td>\r\n<\/tr>\r\n<tr>\r\n<td width=\"320\"><strong>daiana negron<\/strong><\/td>\r\n<td width=\"421\">diario de esperanza<\/td>\r\n<\/tr>\r\n<tr>\r\n<td width=\"320\"><strong>Shalini Rangan<\/strong><\/td>\r\n<td width=\"421\">Chicas que STEM<\/td>\r\n<\/tr>\r\n<tr>\r\n<td width=\"320\"><strong>ruth balladares<\/strong><\/td>\r\n<td width=\"421\">Herramientas para ayudar a los ni\u00f1os a desarrollar la inteligencia emocional<\/td>\r\n<\/tr>\r\n<tr>\r\n<td width=\"320\"><strong>Brian Miklos<\/strong><\/td>\r\n<td width=\"421\">Mejores resultados estudiantiles: Optimizaci\u00f3n de la relaci\u00f3n padre\/educador del IEP<\/td>\r\n<\/tr>\r\n<tr>\r\n<td width=\"320\"><strong>michele audevard mcdonald<\/strong><\/td>\r\n<td width=\"421\">Hacer que nuestros maestros sustitutos sean m\u00e1s efectivos<\/td>\r\n<\/tr>\r\n<tr>\r\n<td width=\"320\"><strong>C\u00e9sar Valencia<\/strong><\/td>\r\n<td width=\"421\">Mejorando la participaci\u00f3n de los padres hispanos en la escuela Roxbury<\/td>\r\n<\/tr>\r\n<tr>\r\n<td width=\"320\"><strong>Pratibha Tarnach Pandey<\/strong><\/td>\r\n<td width=\"421\">Atenci\u00f3n plena BiteSize en las escuelas<\/td>\r\n<\/tr>\r\n<tr>\r\n<td width=\"320\"><strong>Rosa Maignan-Nyakh<\/strong><\/td>\r\n<td width=\"421\">Traducir<\/td>\r\n<\/tr>\r\n<tr>\r\n<td width=\"320\"><strong>tyler stevens<\/strong><\/td>\r\n<td width=\"421\">Soluciones para el aprendizaje a distancia<\/td>\r\n<\/tr>\r\n<tr>\r\n<td width=\"320\"><strong>Anjali Gurnani<\/strong><\/td>\r\n<td width=\"421\">Seguridad de los ni\u00f1os en los parques<\/td>\r\n<\/tr>\r\n<tr>\r\n<td width=\"320\"><strong>Nancy McGonigle-Colfer<\/strong><\/td>\r\n<td width=\"421\">TCC+3000+<\/td>\r\n<\/tr>\r\n<tr>\r\n<td width=\"320\"><strong>Temira Catlett<\/strong><\/td>\r\n<td width=\"421\">educaci\u00f3n y prevenci\u00f3n de la violencia dom\u00e9stica<\/td>\r\n<\/tr>\r\n<tr>\r\n<td width=\"320\"><strong>yudelka cleto<\/strong><\/td>\r\n<td width=\"421\">Guardi\u00e1n del autob\u00fas escolar<\/td>\r\n<\/tr>\r\n<tr>\r\n<td width=\"320\"><strong>Efra\u00edn Guti\u00e9rrez<\/strong><\/td>\r\n<td width=\"421\">Dispositivo inteligente, elecci\u00f3n inteligente<\/td>\r\n<\/tr>\r\n<tr>\r\n<td width=\"320\"><strong>Carolina Adorno Giroux<\/strong><\/td>\r\n<td width=\"421\">Hablar es Ense\u00f1ar<\/td>\r\n<\/tr>\r\n<\/tbody>\r\n<\/table>\r\n&nbsp;\r\n\r\n<strong>\u00a0<\/strong>\r\n\r\n<strong>Acerca de SPEF: <\/strong>Fundada en 1996, la misi\u00f3n de la Fundaci\u00f3n para la Educaci\u00f3n P\u00fablica de Stamford (SPEF) es ofrecer programas y recursos educativos que eleven el \u00e9xito de los estudiantes, educadores y padres al cerrar la brecha entre las necesidades de las Escuelas P\u00fablicas de Stamford y los recursos de nuestra comunidad. La Fundaci\u00f3n se esfuerza por permitir que todos y cada uno de los estudiantes de las Escuelas P\u00fablicas de Stamford se grad\u00faen de la escuela secundaria e ingresen a la universidad, a la capacitaci\u00f3n profesional oa un empleo de tiempo completo listos para tener \u00e9xito. Para m\u00e1s informaci\u00f3n, visite <a href=\"https:\/\/spefct.org\/es\/\">www.spefct.org<\/a>.","protected":false},"excerpt":{"rendered":"<p>STAMFORD, CT - 26 de junio de 2020 - La Fundaci\u00f3n de Educaci\u00f3n P\u00fablica de Stamford (SPEF) se complace en anunciar la promoci\u00f3n de 2020 del Instituto de Capacitaci\u00f3n en Liderazgo para Padres (PLTI). Este grupo de padres l\u00edderes super\u00f3 muchos desaf\u00edos a lo largo de sus estudios, incluido el cambio a educaci\u00f3n a distancia debido a la pandemia de COVID-19. Los graduados celebraron su \u00e9xito en un\u2026<\/p>","protected":false},"author":50,"featured_media":0,"comment_status":"closed","ping_status":"closed","sticky":false,"template":"","format":"standard","meta":{"om_disable_all_campaigns":false,"_monsterinsights_skip_tracking":false,"_monsterinsights_sitenote_active":false,"_monsterinsights_sitenote_note":"","_monsterinsights_sitenote_category":0,"footnotes":""},"categories":[21,20],"tags":[],"class_list":["post-6330","post","type-post","status-publish","format-standard","hentry","category-news-releases","category-newsroom","category-21","category-20","description-off"],"aioseo_notices":[],"_links":{"self":[{"href":"https:\/\/spefct.org\/es\/wp-json\/wp\/v2\/posts\/6330","targetHints":{"allow":["GET"]}}],"collection":[{"href":"https:\/\/spefct.org\/es\/wp-json\/wp\/v2\/posts"}],"about":[{"href":"https:\/\/spefct.org\/es\/wp-json\/wp\/v2\/types\/post"}],"author":[{"embeddable":true,"href":"https:\/\/spefct.org\/es\/wp-json\/wp\/v2\/users\/50"}],"replies":[{"embeddable":true,"href":"https:\/\/spefct.org\/es\/wp-json\/wp\/v2\/comments?post=6330"}],"version-history":[{"count":1,"href":"https:\/\/spefct.org\/es\/wp-json\/wp\/v2\/posts\/6330\/revisions"}],"predecessor-version":[{"id":6332,"href":"https:\/\/spefct.org\/es\/wp-json\/wp\/v2\/posts\/6330\/revisions\/6332"}],"wp:attachment":[{"href":"https:\/\/spefct.org\/es\/wp-json\/wp\/v2\/media?parent=6330"}],"wp:term":[{"taxonomy":"category","embeddable":true,"href":"https:\/\/spefct.org\/es\/wp-json\/wp\/v2\/categories?post=6330"},{"taxonomy":"post_tag","embeddable":true,"href":"https:\/\/spefct.org\/es\/wp-json\/wp\/v2\/tags?post=6330"}],"curies":[{"name":"gracias","href":"https:\/\/api.w.org\/{rel}","templated":true}]}}