{"id":5421,"date":"2019-03-25T16:00:03","date_gmt":"2019-03-25T20:00:03","guid":{"rendered":"https:\/\/spefct.org\/?p=5421"},"modified":"2022-07-14T16:08:38","modified_gmt":"2022-07-14T20:08:38","slug":"spef-excellence-in-education-awards-brings-over-400-individuals-to-celebrate-public-education-in-stamford-2","status":"publish","type":"post","link":"https:\/\/spefct.org\/es\/spef-excellence-in-education-awards-brings-over-400-individuals-to-celebrate-public-education-in-stamford-2\/","title":{"rendered":"Los premios SPEF a la excelencia en la educaci\u00f3n atraen a m\u00e1s de 400 personas para celebrar la educaci\u00f3n p\u00fablica en Stamford"},"content":{"rendered":"&nbsp;\r\n\r\n<a class=\"dt-pswp-item\" href=\"http:\/\/spefct.org\/wp-content\/uploads\/2019\/03\/SPEF-CEO-Matthew-Quinones-and-Master-of-Ceremonies-Arda-Ocal.jpg\" data-dt-img-description=\"OLYMPUS DIGITAL CAMERA\" data-large_image_width=\"3578\" data-large_image_height=\"2735\"><img loading=\"lazy\" decoding=\"async\" class=\"size-thumbnail wp-image-5422\" src=\"http:\/\/spefct.org\/wp-content\/uploads\/2019\/03\/SPEF-CEO-Matthew-Quinones-and-Master-of-Ceremonies-Arda-Ocal-150x150.jpg\" alt=\"\" width=\"150\" height=\"150\" \/><\/a>\r\n\r\n<a href=\"https:\/\/heystamford.com\/2019\/03\/25\/spef-excellence-in-education-awards-brings-over-400-individuals-to-celebrate-public-education-in-stamford\/\">\u00a1Haz clic aqu\u00ed para leer el art\u00edculo!<\/a>","protected":false},"excerpt":{"rendered":"<p>&nbsp; \u00a1Haz clic aqu\u00ed para leer el art\u00edculo!<\/p>","protected":false},"author":50,"featured_media":0,"comment_status":"closed","ping_status":"closed","sticky":false,"template":"","format":"standard","meta":{"om_disable_all_campaigns":false,"_monsterinsights_skip_tracking":false,"_monsterinsights_sitenote_active":false,"_monsterinsights_sitenote_note":"","_monsterinsights_sitenote_category":0,"footnotes":""},"categories":[22,20],"tags":[],"class_list":["post-5421","post","type-post","status-publish","format-standard","hentry","category-media-coverage","category-newsroom","category-22","category-20","description-off"],"aioseo_notices":[],"_links":{"self":[{"href":"https:\/\/spefct.org\/es\/wp-json\/wp\/v2\/posts\/5421","targetHints":{"allow":["GET"]}}],"collection":[{"href":"https:\/\/spefct.org\/es\/wp-json\/wp\/v2\/posts"}],"about":[{"href":"https:\/\/spefct.org\/es\/wp-json\/wp\/v2\/types\/post"}],"author":[{"embeddable":true,"href":"https:\/\/spefct.org\/es\/wp-json\/wp\/v2\/users\/50"}],"replies":[{"embeddable":true,"href":"https:\/\/spefct.org\/es\/wp-json\/wp\/v2\/comments?post=5421"}],"version-history":[{"count":1,"href":"https:\/\/spefct.org\/es\/wp-json\/wp\/v2\/posts\/5421\/revisions"}],"predecessor-version":[{"id":5423,"href":"https:\/\/spefct.org\/es\/wp-json\/wp\/v2\/posts\/5421\/revisions\/5423"}],"wp:attachment":[{"href":"https:\/\/spefct.org\/es\/wp-json\/wp\/v2\/media?parent=5421"}],"wp:term":[{"taxonomy":"category","embeddable":true,"href":"https:\/\/spefct.org\/es\/wp-json\/wp\/v2\/categories?post=5421"},{"taxonomy":"post_tag","embeddable":true,"href":"https:\/\/spefct.org\/es\/wp-json\/wp\/v2\/tags?post=5421"}],"curies":[{"name":"gracias","href":"https:\/\/api.w.org\/{rel}","templated":true}]}}