{"id":503,"date":"2015-05-26T13:32:41","date_gmt":"2015-05-26T13:32:41","guid":{"rendered":"http:\/\/kilakwa.net\/dev\/SPEF\/?p=503"},"modified":"2022-07-14T16:14:33","modified_gmt":"2022-07-14T20:14:33","slug":"stamford-public-education-foundation-announces-new-chief-executive-officer","status":"publish","type":"post","link":"https:\/\/spefct.org\/es\/stamford-public-education-foundation-announces-new-chief-executive-officer\/","title":{"rendered":"La Fundaci\u00f3n de Educaci\u00f3n P\u00fablica de Stamford anuncia nuevo director ejecutivo"},"content":{"rendered":"<strong>STAMFORD, CT \u2013 26 de mayo de 2015 \u2013 <\/strong>SPEF anunci\u00f3 el martes 26 de mayo que ha seleccionado a Matthew Qui\u00f1ones como su nuevo director ejecutivo. Matt llenar\u00e1 la vacante creada por la partida de Susan Rigano en marzo para unirse a la Norwalk Community College Foundation como Director de Desarrollo. La selecci\u00f3n se realiz\u00f3 luego de un minucioso proceso de b\u00fasqueda y selecci\u00f3n. Matt regresa a SPEF despu\u00e9s de servir como Director de Operaciones desde octubre de 2009 hasta septiembre de 2014. Entre sus muchas contribuciones durante su mandato, jug\u00f3 un papel decisivo en la creaci\u00f3n y lanzamiento de nuestro Programa de Mentor\u00eda Stamford reconocido a nivel nacional. \u201cNos complace anunciar este nombramiento\u201d, inform\u00f3 Barbara Aronica-Buck, copresidenta de la junta directiva de SPEF. \u201cMatt tiene una s\u00f3lida comprensi\u00f3n de la comunidad de Stamford y su entorno educativo ricamente diverso. Aporta una combinaci\u00f3n s\u00f3lida de liderazgo, visi\u00f3n y creatividad a los programas de SPEF\u201d. Antes de reincorporarse a SPEF, Matt se desempe\u00f1\u00f3 como Gerente de Reclutamiento y Apoyo al Talento para AmeriCares. Actualmente es miembro de la Junta de Representantes de Stamford, sirviendo en el Comit\u00e9 de Educaci\u00f3n, el Comit\u00e9 Estatal y de Comercio, el Comit\u00e9 de Ahorro de Costos y Aumento de Ingresos, y como Vicepresidente del Comit\u00e9 de Salud y Seguridad P\u00fablica. Adem\u00e1s, Matt se desempe\u00f1a como oficial comisionado en la Guardia Nacional del Ej\u00e9rcito de Connecticut. Nacido y criado en Stamford, Matt se gradu\u00f3 de Stamford High en 2004 y tiene una licenciatura de la Universidad de Connecticut. \u201cEspero regresar a SPEF y trabajar con la junta, el personal y la comunidad para construir sobre nuestra rica historia al servicio del distrito de las Escuelas P\u00fablicas de Stamford\u201d, comenta Matt. \u201cEstoy dedicado a crear e implementar programas que enriquezcan las vidas de los estudiantes en todas las escuelas p\u00fablicas de Stamford, incluidas las iniciativas de alfabetizaci\u00f3n y preparaci\u00f3n universitaria y profesional\u201d.","protected":false},"excerpt":{"rendered":"<p>STAMFORD, CT \u2013 26 de mayo de 2015 \u2013 SPEF anunci\u00f3 el martes 26 de mayo que ha seleccionado a Matthew Quinones como su nuevo director ejecutivo. Matt llenar\u00e1 la vacante creada por la partida de Susan Rigano en marzo para unirse a la Fundaci\u00f3n Norwalk Community College como Director de Desarrollo. La selecci\u00f3n se hizo despu\u00e9s de una b\u00fasqueda minuciosa\u2026<\/p>","protected":false},"author":1,"featured_media":0,"comment_status":"closed","ping_status":"closed","sticky":false,"template":"","format":"standard","meta":{"om_disable_all_campaigns":false,"_monsterinsights_skip_tracking":false,"_monsterinsights_sitenote_active":false,"_monsterinsights_sitenote_note":"","_monsterinsights_sitenote_category":0,"footnotes":""},"categories":[21,20],"tags":[],"class_list":["post-503","post","type-post","status-publish","format-standard","hentry","category-news-releases","category-newsroom","category-21","category-20","description-off"],"aioseo_notices":[],"_links":{"self":[{"href":"https:\/\/spefct.org\/es\/wp-json\/wp\/v2\/posts\/503","targetHints":{"allow":["GET"]}}],"collection":[{"href":"https:\/\/spefct.org\/es\/wp-json\/wp\/v2\/posts"}],"about":[{"href":"https:\/\/spefct.org\/es\/wp-json\/wp\/v2\/types\/post"}],"author":[{"embeddable":true,"href":"https:\/\/spefct.org\/es\/wp-json\/wp\/v2\/users\/1"}],"replies":[{"embeddable":true,"href":"https:\/\/spefct.org\/es\/wp-json\/wp\/v2\/comments?post=503"}],"version-history":[{"count":1,"href":"https:\/\/spefct.org\/es\/wp-json\/wp\/v2\/posts\/503\/revisions"}],"predecessor-version":[{"id":504,"href":"https:\/\/spefct.org\/es\/wp-json\/wp\/v2\/posts\/503\/revisions\/504"}],"wp:attachment":[{"href":"https:\/\/spefct.org\/es\/wp-json\/wp\/v2\/media?parent=503"}],"wp:term":[{"taxonomy":"category","embeddable":true,"href":"https:\/\/spefct.org\/es\/wp-json\/wp\/v2\/categories?post=503"},{"taxonomy":"post_tag","embeddable":true,"href":"https:\/\/spefct.org\/es\/wp-json\/wp\/v2\/tags?post=503"}],"curies":[{"name":"gracias","href":"https:\/\/api.w.org\/{rel}","templated":true}]}}