{"id":1788,"date":"2015-11-11T14:05:23","date_gmt":"2015-11-11T19:05:23","guid":{"rendered":"http:\/\/spefct.org\/?p=1788"},"modified":"2022-07-14T16:14:02","modified_gmt":"2022-07-14T20:14:02","slug":"att-awards-5000-to-the-stamford-public-education-foundation","status":"publish","type":"post","link":"https:\/\/spefct.org\/es\/att-awards-5000-to-the-stamford-public-education-foundation\/","title":{"rendered":"AT&amp;T otorga $5,000 a la Fundaci\u00f3n de Educaci\u00f3n P\u00fablica de Stamford"},"content":{"rendered":"STAMFORD, CT \u2013 11 de noviembre de 2015 \u2013 La Fundaci\u00f3n de Educaci\u00f3n P\u00fablica de Stamford (SPEF) recibi\u00f3 $5,000 a trav\u00e9s del Programa AT&amp;T Aspire para apoyar su Programa de Tutor\u00eda en las Escuelas Secundarias de Stamford. AT&amp;T Aspire es la iniciativa educativa distintiva de AT&amp;T que impulsa la innovaci\u00f3n en la educaci\u00f3n para promover el \u00e9xito de los estudiantes en la escuela y m\u00e1s all\u00e1. Harry Carey, Director de Asuntos Externos de AT&amp;T Connecticut, entreg\u00f3 el cheque al CEO de SPEF, Matthew Quinones, el 29 de octubre. Los estudiantes de AITE que participan en el programa de tutor\u00eda de SPEF se reunieron con el Senador Carlo Leone para felicitar a SPEF por recibir el premio $5,000, que se utilizar\u00e1 para apoyar iniciativas de tutor\u00eda de planificaci\u00f3n exitosa para estudiantes de secundaria en Stamford.\r\n\r\n<a class=\"dt-single-image\" href=\"http:\/\/spefct.org\/wp-content\/uploads\/2015\/11\/ATT-presents-Award.jpg\" data-dt-img-description=\"\"><img loading=\"lazy\" decoding=\"async\" class=\"size-medium wp-image-1789 aligncenter\" src=\"http:\/\/spefct.org\/wp-content\/uploads\/2015\/11\/ATT-presents-Award-300x225.jpg\" alt=\"AT&amp;T presents Award\" width=\"300\" height=\"225\" srcset=\"https:\/\/spefct.org\/wp-content\/uploads\/2015\/11\/ATT-presents-Award-300x225.jpg 300w, https:\/\/spefct.org\/wp-content\/uploads\/2015\/11\/ATT-presents-Award-1024x768.jpg 1024w\" sizes=\"auto, (max-width: 300px) 100vw, 300px\" \/><\/a>\r\n<p style=\"text-align: center;\">AT&amp;T presenta el premio: estudiantes de secundaria de AITE con (de izquierda a derecha): Lynn Tusa (SPEF), el senador Carlo Leone, Harry Carey (AT&amp;T), Matthew Quinones (SPEF)<\/p>\r\n<p style=\"text-align: center;\"><a class=\"dt-single-image\" href=\"http:\/\/spefct.org\/wp-content\/uploads\/2015\/11\/Naviance-in-Action.jpg\" data-dt-img-description=\"\"><img loading=\"lazy\" decoding=\"async\" class=\"alignnone size-medium wp-image-1790\" src=\"http:\/\/spefct.org\/wp-content\/uploads\/2015\/11\/Naviance-in-Action-300x225.jpg\" alt=\"Naviance in Action\" width=\"300\" height=\"225\" srcset=\"https:\/\/spefct.org\/wp-content\/uploads\/2015\/11\/Naviance-in-Action-300x225.jpg 300w, https:\/\/spefct.org\/wp-content\/uploads\/2015\/11\/Naviance-in-Action-1024x768.jpg 1024w\" sizes=\"auto, (max-width: 300px) 100vw, 300px\" \/><\/a><\/p>\r\n<p style=\"text-align: center;\">Los estudiantes de AITE demuestran c\u00f3mo usan Naviance para una planificaci\u00f3n exitosa, con la orientaci\u00f3n de los mentores de SPEF. Naviance es una plataforma en l\u00ednea de preparaci\u00f3n universitaria y profesional que ayuda a conectar los logros acad\u00e9micos con las metas postsecundarias.<\/p>\r\n<p style=\"text-align: center;\"><a class=\"dt-single-image\" href=\"http:\/\/spefct.org\/wp-content\/uploads\/2015\/11\/Senator-Leone-and-AITE-student-2.jpg\" data-dt-img-description=\"\"><img loading=\"lazy\" decoding=\"async\" class=\"alignnone size-medium wp-image-1791\" src=\"http:\/\/spefct.org\/wp-content\/uploads\/2015\/11\/Senator-Leone-and-AITE-student-2-300x225.jpg\" alt=\"Senator Leone and AITE student-2\" width=\"300\" height=\"225\" srcset=\"https:\/\/spefct.org\/wp-content\/uploads\/2015\/11\/Senator-Leone-and-AITE-student-2-300x225.jpg 300w, https:\/\/spefct.org\/wp-content\/uploads\/2015\/11\/Senator-Leone-and-AITE-student-2-1024x768.jpg 1024w\" sizes=\"auto, (max-width: 300px) 100vw, 300px\" \/><\/a><\/p>\r\n<p style=\"text-align: center;\">El Senador Carlo Leone entabla una conversaci\u00f3n con un estudiante durante una sesi\u00f3n de tutor\u00eda en AITE.<\/p>","protected":false},"excerpt":{"rendered":"<p>STAMFORD, CT \u2013 11 de noviembre de 2015 \u2013 La Fundaci\u00f3n de Educaci\u00f3n P\u00fablica de Stamford (SPEF) recibi\u00f3 $5,000 a trav\u00e9s del Programa AT&amp;T Aspire para apoyar su Programa de Tutor\u00eda en las Escuelas Secundarias de Stamford. AT&amp;T Aspire es la iniciativa educativa distintiva de AT&amp;T que impulsa la innovaci\u00f3n en la educaci\u00f3n para promover el \u00e9xito de los estudiantes en la escuela y m\u00e1s all\u00e1. Harry Carey, Director de Asuntos Externos...<\/p>","protected":false},"author":50,"featured_media":1791,"comment_status":"closed","ping_status":"closed","sticky":false,"template":"","format":"standard","meta":{"om_disable_all_campaigns":false,"_monsterinsights_skip_tracking":false,"_monsterinsights_sitenote_active":false,"_monsterinsights_sitenote_note":"","_monsterinsights_sitenote_category":0,"footnotes":""},"categories":[21,20],"tags":[],"class_list":["post-1788","post","type-post","status-publish","format-standard","has-post-thumbnail","hentry","category-news-releases","category-newsroom","category-21","category-20","description-off"],"aioseo_notices":[],"_links":{"self":[{"href":"https:\/\/spefct.org\/es\/wp-json\/wp\/v2\/posts\/1788","targetHints":{"allow":["GET"]}}],"collection":[{"href":"https:\/\/spefct.org\/es\/wp-json\/wp\/v2\/posts"}],"about":[{"href":"https:\/\/spefct.org\/es\/wp-json\/wp\/v2\/types\/post"}],"author":[{"embeddable":true,"href":"https:\/\/spefct.org\/es\/wp-json\/wp\/v2\/users\/50"}],"replies":[{"embeddable":true,"href":"https:\/\/spefct.org\/es\/wp-json\/wp\/v2\/comments?post=1788"}],"version-history":[{"count":1,"href":"https:\/\/spefct.org\/es\/wp-json\/wp\/v2\/posts\/1788\/revisions"}],"predecessor-version":[{"id":1792,"href":"https:\/\/spefct.org\/es\/wp-json\/wp\/v2\/posts\/1788\/revisions\/1792"}],"wp:featuredmedia":[{"embeddable":true,"href":"https:\/\/spefct.org\/es\/wp-json\/wp\/v2\/media\/1791"}],"wp:attachment":[{"href":"https:\/\/spefct.org\/es\/wp-json\/wp\/v2\/media?parent=1788"}],"wp:term":[{"taxonomy":"category","embeddable":true,"href":"https:\/\/spefct.org\/es\/wp-json\/wp\/v2\/categories?post=1788"},{"taxonomy":"post_tag","embeddable":true,"href":"https:\/\/spefct.org\/es\/wp-json\/wp\/v2\/tags?post=1788"}],"curies":[{"name":"gracias","href":"https:\/\/api.w.org\/{rel}","templated":true}]}}