{"id":10772,"date":"2022-05-25T09:32:04","date_gmt":"2022-05-25T13:32:04","guid":{"rendered":"https:\/\/spefct.org\/?p=10772"},"modified":"2022-09-09T10:07:46","modified_gmt":"2022-09-09T14:07:46","slug":"stamford-mayor-proclaims-june-1st-to-be-stamford-public-education-foundation-awards-day-in-honor-of-spefs-15th-annual-event-2","status":"publish","type":"post","link":"https:\/\/spefct.org\/es\/stamford-mayor-proclaims-june-1st-to-be-stamford-public-education-foundation-awards-day-in-honor-of-spefs-15th-annual-event-2\/","title":{"rendered":"El alcalde de Stamford proclama el 1 de junio como el D\u00eda de los Premios de la Fundaci\u00f3n de Educaci\u00f3n P\u00fablica de Stamford en honor al 15.\u00ba evento anual de SPEF"},"content":{"rendered":"<a href=\"https:\/\/stamfordplus.com\/stamford-mayor-proclaims-june-1st-to-be-stamford-public-education-foundation-awards-day-in-honor-of-spefs-15th-annual-event\/\" target=\"_blank\" rel=\"noopener\">\u00a1Haz clic aqu\u00ed para leer el art\u00edculo!<\/a>","protected":false},"excerpt":{"rendered":"<p>\u00a1Haz clic aqu\u00ed para leer el art\u00edculo!<\/p>","protected":false},"author":50,"featured_media":10533,"comment_status":"closed","ping_status":"closed","sticky":false,"template":"","format":"standard","meta":{"om_disable_all_campaigns":false,"_monsterinsights_skip_tracking":false,"_monsterinsights_sitenote_active":false,"_monsterinsights_sitenote_note":"","_monsterinsights_sitenote_category":0,"footnotes":""},"categories":[22],"tags":[],"class_list":["post-10772","post","type-post","status-publish","format-standard","has-post-thumbnail","hentry","category-media-coverage","category-22","description-off"],"aioseo_notices":[],"_links":{"self":[{"href":"https:\/\/spefct.org\/es\/wp-json\/wp\/v2\/posts\/10772","targetHints":{"allow":["GET"]}}],"collection":[{"href":"https:\/\/spefct.org\/es\/wp-json\/wp\/v2\/posts"}],"about":[{"href":"https:\/\/spefct.org\/es\/wp-json\/wp\/v2\/types\/post"}],"author":[{"embeddable":true,"href":"https:\/\/spefct.org\/es\/wp-json\/wp\/v2\/users\/50"}],"replies":[{"embeddable":true,"href":"https:\/\/spefct.org\/es\/wp-json\/wp\/v2\/comments?post=10772"}],"version-history":[{"count":2,"href":"https:\/\/spefct.org\/es\/wp-json\/wp\/v2\/posts\/10772\/revisions"}],"predecessor-version":[{"id":10774,"href":"https:\/\/spefct.org\/es\/wp-json\/wp\/v2\/posts\/10772\/revisions\/10774"}],"wp:featuredmedia":[{"embeddable":true,"href":"https:\/\/spefct.org\/es\/wp-json\/wp\/v2\/media\/10533"}],"wp:attachment":[{"href":"https:\/\/spefct.org\/es\/wp-json\/wp\/v2\/media?parent=10772"}],"wp:term":[{"taxonomy":"category","embeddable":true,"href":"https:\/\/spefct.org\/es\/wp-json\/wp\/v2\/categories?post=10772"},{"taxonomy":"post_tag","embeddable":true,"href":"https:\/\/spefct.org\/es\/wp-json\/wp\/v2\/tags?post=10772"}],"curies":[{"name":"gracias","href":"https:\/\/api.w.org\/{rel}","templated":true}]}}