{"id":10620,"date":"2022-08-16T12:06:49","date_gmt":"2022-08-16T16:06:49","guid":{"rendered":"https:\/\/spefct.org\/?p=10620"},"modified":"2022-08-17T14:25:23","modified_gmt":"2022-08-17T18:25:23","slug":"three-new-directors-named-to-stamford-public-education-foundation-board","status":"publish","type":"post","link":"https:\/\/spefct.org\/es\/three-new-directors-named-to-stamford-public-education-foundation-board\/","title":{"rendered":"Tres nuevos directores nombrados para la Junta de la Fundaci\u00f3n de Educaci\u00f3n P\u00fablica de Stamford"},"content":{"rendered":"<a href=\"https:\/\/spefct.org\/wp-content\/uploads\/2022\/08\/SPEF-Announces-New-Board-Members-8.16.22.pdf\" target=\"_blank\" rel=\"noopener\">\u00a1Haga clic aqu\u00ed para leer este comunicado de prensa!<\/a>","protected":false},"excerpt":{"rendered":"<p>\u00a1Haga clic aqu\u00ed para leer este comunicado de prensa!<\/p>","protected":false},"author":50,"featured_media":10625,"comment_status":"closed","ping_status":"closed","sticky":false,"template":"","format":"standard","meta":{"om_disable_all_campaigns":false,"_monsterinsights_skip_tracking":false,"_monsterinsights_sitenote_active":false,"_monsterinsights_sitenote_note":"","_monsterinsights_sitenote_category":0,"footnotes":""},"categories":[21,23],"tags":[],"class_list":["post-10620","post","type-post","status-publish","format-standard","has-post-thumbnail","hentry","category-news-releases","category-newsletter","category-21","category-23","description-off"],"aioseo_notices":[],"_links":{"self":[{"href":"https:\/\/spefct.org\/es\/wp-json\/wp\/v2\/posts\/10620","targetHints":{"allow":["GET"]}}],"collection":[{"href":"https:\/\/spefct.org\/es\/wp-json\/wp\/v2\/posts"}],"about":[{"href":"https:\/\/spefct.org\/es\/wp-json\/wp\/v2\/types\/post"}],"author":[{"embeddable":true,"href":"https:\/\/spefct.org\/es\/wp-json\/wp\/v2\/users\/50"}],"replies":[{"embeddable":true,"href":"https:\/\/spefct.org\/es\/wp-json\/wp\/v2\/comments?post=10620"}],"version-history":[{"count":4,"href":"https:\/\/spefct.org\/es\/wp-json\/wp\/v2\/posts\/10620\/revisions"}],"predecessor-version":[{"id":10626,"href":"https:\/\/spefct.org\/es\/wp-json\/wp\/v2\/posts\/10620\/revisions\/10626"}],"wp:featuredmedia":[{"embeddable":true,"href":"https:\/\/spefct.org\/es\/wp-json\/wp\/v2\/media\/10625"}],"wp:attachment":[{"href":"https:\/\/spefct.org\/es\/wp-json\/wp\/v2\/media?parent=10620"}],"wp:term":[{"taxonomy":"category","embeddable":true,"href":"https:\/\/spefct.org\/es\/wp-json\/wp\/v2\/categories?post=10620"},{"taxonomy":"post_tag","embeddable":true,"href":"https:\/\/spefct.org\/es\/wp-json\/wp\/v2\/tags?post=10620"}],"curies":[{"name":"gracias","href":"https:\/\/api.w.org\/{rel}","templated":true}]}}