{"id":10531,"date":"2022-05-24T15:04:38","date_gmt":"2022-05-24T19:04:38","guid":{"rendered":"https:\/\/spefct.org\/?p=10531"},"modified":"2022-07-07T15:12:50","modified_gmt":"2022-07-07T19:12:50","slug":"stamford-mayor-proclaims-june-1st-to-be-stamford-public-education-foundation-awards-day-in-honor-of-spefs-15th-annual-event","status":"publish","type":"post","link":"https:\/\/spefct.org\/es\/stamford-mayor-proclaims-june-1st-to-be-stamford-public-education-foundation-awards-day-in-honor-of-spefs-15th-annual-event\/","title":{"rendered":"El alcalde de Stamford proclama el 1 de junio como el D\u00eda de los Premios de la Fundaci\u00f3n de Educaci\u00f3n P\u00fablica de Stamford en honor al 15.\u00ba evento anual de SPEF"},"content":{"rendered":"<div class=\"wpb-content-wrapper\"><div class=\"vc_row wpb_row vc_row-fluid\"><div class=\"wpb_column vc_column_container vc_col-sm-12\"><div class=\"vc_column-inner\"><div class=\"wpb_wrapper\">\n\t<div class=\"wpb_text_column wpb_content_element\" >\n\t\t<div class=\"wpb_wrapper\">\n\t\t\t<p><a href=\"https:\/\/spefct.org\/wp-content\/uploads\/2022\/07\/Excellence-in-Education-2022-Press-Release.pdf\" target=\"_blank\" rel=\"noopener\">\u00a1Haga clic aqu\u00ed para leer este comunicado de prensa!<\/a><\/p>\n\n\t\t<\/div>\n\t<\/div>\n<\/div><\/div><\/div><\/div><\/div>","protected":false},"excerpt":{"rendered":"<p>\u00a1Haga clic aqu\u00ed para leer este comunicado de prensa!<\/p>","protected":false},"author":50,"featured_media":10533,"comment_status":"closed","ping_status":"closed","sticky":false,"template":"","format":"standard","meta":{"om_disable_all_campaigns":false,"_monsterinsights_skip_tracking":false,"_monsterinsights_sitenote_active":false,"_monsterinsights_sitenote_note":"","_monsterinsights_sitenote_category":0,"footnotes":""},"categories":[21,23],"tags":[],"class_list":["post-10531","post","type-post","status-publish","format-standard","has-post-thumbnail","hentry","category-news-releases","category-newsletter","category-21","category-23","description-off"],"aioseo_notices":[],"_links":{"self":[{"href":"https:\/\/spefct.org\/es\/wp-json\/wp\/v2\/posts\/10531","targetHints":{"allow":["GET"]}}],"collection":[{"href":"https:\/\/spefct.org\/es\/wp-json\/wp\/v2\/posts"}],"about":[{"href":"https:\/\/spefct.org\/es\/wp-json\/wp\/v2\/types\/post"}],"author":[{"embeddable":true,"href":"https:\/\/spefct.org\/es\/wp-json\/wp\/v2\/users\/50"}],"replies":[{"embeddable":true,"href":"https:\/\/spefct.org\/es\/wp-json\/wp\/v2\/comments?post=10531"}],"version-history":[{"count":2,"href":"https:\/\/spefct.org\/es\/wp-json\/wp\/v2\/posts\/10531\/revisions"}],"predecessor-version":[{"id":10534,"href":"https:\/\/spefct.org\/es\/wp-json\/wp\/v2\/posts\/10531\/revisions\/10534"}],"wp:featuredmedia":[{"embeddable":true,"href":"https:\/\/spefct.org\/es\/wp-json\/wp\/v2\/media\/10533"}],"wp:attachment":[{"href":"https:\/\/spefct.org\/es\/wp-json\/wp\/v2\/media?parent=10531"}],"wp:term":[{"taxonomy":"category","embeddable":true,"href":"https:\/\/spefct.org\/es\/wp-json\/wp\/v2\/categories?post=10531"},{"taxonomy":"post_tag","embeddable":true,"href":"https:\/\/spefct.org\/es\/wp-json\/wp\/v2\/tags?post=10531"}],"curies":[{"name":"gracias","href":"https:\/\/api.w.org\/{rel}","templated":true}]}}