{"id":10526,"date":"2022-03-22T14:54:30","date_gmt":"2022-03-22T18:54:30","guid":{"rendered":"https:\/\/spefct.org\/?p=10526"},"modified":"2022-07-08T10:53:10","modified_gmt":"2022-07-08T14:53:10","slug":"stamford-public-education-foundation-announces-new-chief-executive-officer-2","status":"publish","type":"post","link":"https:\/\/spefct.org\/es\/stamford-public-education-foundation-announces-new-chief-executive-officer-2\/","title":{"rendered":"La Fundaci\u00f3n de Educaci\u00f3n P\u00fablica de Stamford anuncia nuevo director ejecutivo"},"content":{"rendered":"<p><a href=\"https:\/\/spefct.org\/wp-content\/uploads\/2022\/07\/SPEF-Announces-CEO.pdf\" target=\"_blank\" rel=\"noopener\">\u00a1Haga clic aqu\u00ed para leer este comunicado de prensa!<\/a><\/p>","protected":false},"excerpt":{"rendered":"<p>\u00a1Haga clic aqu\u00ed para leer este comunicado de prensa!<\/p>","protected":false},"author":50,"featured_media":0,"comment_status":"closed","ping_status":"closed","sticky":false,"template":"","format":"standard","meta":{"om_disable_all_campaigns":false,"_monsterinsights_skip_tracking":false,"_monsterinsights_sitenote_active":false,"_monsterinsights_sitenote_note":"","_monsterinsights_sitenote_category":0,"footnotes":""},"categories":[21,23],"tags":[],"class_list":["post-10526","post","type-post","status-publish","format-standard","hentry","category-news-releases","category-newsletter","category-21","category-23","description-off"],"aioseo_notices":[],"_links":{"self":[{"href":"https:\/\/spefct.org\/es\/wp-json\/wp\/v2\/posts\/10526","targetHints":{"allow":["GET"]}}],"collection":[{"href":"https:\/\/spefct.org\/es\/wp-json\/wp\/v2\/posts"}],"about":[{"href":"https:\/\/spefct.org\/es\/wp-json\/wp\/v2\/types\/post"}],"author":[{"embeddable":true,"href":"https:\/\/spefct.org\/es\/wp-json\/wp\/v2\/users\/50"}],"replies":[{"embeddable":true,"href":"https:\/\/spefct.org\/es\/wp-json\/wp\/v2\/comments?post=10526"}],"version-history":[{"count":3,"href":"https:\/\/spefct.org\/es\/wp-json\/wp\/v2\/posts\/10526\/revisions"}],"predecessor-version":[{"id":10541,"href":"https:\/\/spefct.org\/es\/wp-json\/wp\/v2\/posts\/10526\/revisions\/10541"}],"wp:attachment":[{"href":"https:\/\/spefct.org\/es\/wp-json\/wp\/v2\/media?parent=10526"}],"wp:term":[{"taxonomy":"category","embeddable":true,"href":"https:\/\/spefct.org\/es\/wp-json\/wp\/v2\/categories?post=10526"},{"taxonomy":"post_tag","embeddable":true,"href":"https:\/\/spefct.org\/es\/wp-json\/wp\/v2\/tags?post=10526"}],"curies":[{"name":"gracias","href":"https:\/\/api.w.org\/{rel}","templated":true}]}}